{"id":55,"date":"2022-01-28T21:04:24","date_gmt":"2022-01-28T20:04:24","guid":{"rendered":"https:\/\/metacartes.cc\/une-carte-par-semaine\/?p=55"},"modified":"2022-01-28T21:04:24","modified_gmt":"2022-01-28T20:04:24","slug":"numerique-ethique-la-carte-accessibilite","status":"publish","type":"post","link":"https:\/\/metacartes.cc\/une-carte-par-semaine\/numerique-ethique-la-carte-accessibilite\/","title":{"rendered":"Num\u00e9rique \u00e9thique :  la carte Accessibilit\u00e9"},"content":{"rendered":"<div class=\"BAZ_rubrique field-textelong\" data-id=\"bf_essentiel\">\n<div class=\"BAZ_rubrique field-text\" data-id=\"bf_accroche\"><strong><span class=\"BAZ_texte\"><img loading=\"lazy\" decoding=\"async\" class=\"wp-image-56 size-medium alignleft\" src=\"https:\/\/metacartes.cc\/une-carte-par-semaine\/wp-content\/uploads\/2022\/01\/accessibilite_numerique_ethique-180x300.png\" alt=\"\" width=\"180\" height=\"300\" srcset=\"https:\/\/metacartes.cc\/une-carte-par-semaine\/wp-content\/uploads\/2022\/01\/accessibilite_numerique_ethique-180x300.png 180w, https:\/\/metacartes.cc\/une-carte-par-semaine\/wp-content\/uploads\/2022\/01\/accessibilite_numerique_ethique-615x1024.png 615w, https:\/\/metacartes.cc\/une-carte-par-semaine\/wp-content\/uploads\/2022\/01\/accessibilite_numerique_ethique-768x1279.png 768w, https:\/\/metacartes.cc\/une-carte-par-semaine\/wp-content\/uploads\/2022\/01\/accessibilite_numerique_ethique-30x50.png 30w, https:\/\/metacartes.cc\/une-carte-par-semaine\/wp-content\/uploads\/2022\/01\/accessibilite_numerique_ethique.png 886w\" sizes=\"auto, (max-width: 180px) 100vw, 180px\" \/>Chaque semaine, d\u00e9couvrez une carte de la <a href=\"https:\/\/www.metacartes.cc\/numerique-ethique\/\">boite \u00e0 outils num\u00e9rique \u00e9thique<\/a>. Cette semaine la carte #usage : <a href=\"https:\/\/www.metacartes.cc\/numerique-ethique\/ingredients\/accessibilite\/\">Accessibilit\u00e9<\/a><br \/>\n<\/span><\/strong><\/div>\n<div data-id=\"bf_accroche\"><\/div>\n<div data-id=\"bf_accroche\"><\/div>\n<div class=\"BAZ_rubrique field-text\" data-id=\"bf_accroche\"><span class=\"BAZ_texte\"><strong>Pourquoi utiliser cette carte ?<\/strong><\/span><\/div>\n<div data-id=\"bf_accroche\">\n<div class=\"BAZ_rubrique field-text\" data-id=\"bf_accroche\">\n<div class=\"BAZ_rubrique field-text\" data-id=\"bf_accroche\"><em><span class=\"BAZ_texte\">Permettre un usage adapt\u00e9 \u00e0 tous\u00b7tes. <\/span><\/em><\/div>\n<\/div>\n<div data-id=\"bf_accroche\"><\/div>\n<\/div>\n<div data-id=\"bf_accroche\">\n<p><strong>L&rsquo;essentiel :\u00a0<\/strong>Mettre en \u0153uvre de bonnes pratiques d\u2019accessibilit\u00e9 pour un outil num\u00e9rique permet avant tout d\u2019assurer la possibilit\u00e9 d\u2019utilisation par les personnes en situation de handicap. Et en second lieu ces r\u00e8gles profitent souvent au plus grand nombre.<\/p>\n<div class=\"BAZ_rubrique field-textelong\" data-id=\"bf_essentiel\">\n<p><strong>Les bonnes questions \u00e0 se poser pour choisir :<\/strong><\/p>\n<div class=\"BAZ_rubrique field-textelong\" data-id=\"bf_essentiel\">\n<p>L\u2019outil :<\/p>\n<ul>\n<li>A-t-il un bon niveau d\u2019accessibilit\u00e9 dans sa configuration par d\u00e9faut ?<\/li>\n<li>A-t-il des options pour augmenter l\u2019accessibilit\u00e9 ?<\/li>\n<li>Est-il compatible avec des outils d\u2019accessibilit\u00e9 existants ?<\/li>\n<\/ul>\n<\/div>\n<\/div>\n<\/div>\n<p>Explorez la fiche compl\u00e8te <strong><span class=\"BAZ_texte\"><a href=\"https:\/\/www.metacartes.cc\/numerique-ethique\/ingredients\/accessibilite\/\">Accessibilit\u00e9<\/a><\/span><\/strong> pour aller plus loin. A la semaine prochaine !<\/p>\n<\/div>\n","protected":false},"excerpt":{"rendered":"<p>Chaque semaine, d\u00e9couvrez une carte de la boite \u00e0 outils num\u00e9rique \u00e9thique. Cette semaine la carte #usage : Accessibilit\u00e9 Pourquoi utiliser cette carte ? Permettre un usage adapt\u00e9 \u00e0 tous\u00b7tes. L&rsquo;essentiel :\u00a0Mettre en \u0153uvre de bonnes pratiques d\u2019accessibilit\u00e9 pour un outil num\u00e9rique permet avant tout d\u2019assurer la possibilit\u00e9 d\u2019utilisation par les personnes en situation de&hellip; <a class=\"more-link\" href=\"https:\/\/metacartes.cc\/une-carte-par-semaine\/numerique-ethique-la-carte-accessibilite\/\">Poursuivre la lecture <span class=\"screen-reader-text\">Num\u00e9rique \u00e9thique :  la carte Accessibilit\u00e9<\/span><\/a><\/p>\n","protected":false},"author":1,"featured_media":0,"comment_status":"open","ping_status":"open","sticky":false,"template":"","format":"standard","meta":{"footnotes":""},"categories":[2],"tags":[],"class_list":["post-55","post","type-post","status-publish","format-standard","hentry","category-numerique-ethique","user-has-not-earned","entry"],"_links":{"self":[{"href":"https:\/\/metacartes.cc\/une-carte-par-semaine\/wp-json\/wp\/v2\/posts\/55","targetHints":{"allow":["GET"]}}],"collection":[{"href":"https:\/\/metacartes.cc\/une-carte-par-semaine\/wp-json\/wp\/v2\/posts"}],"about":[{"href":"https:\/\/metacartes.cc\/une-carte-par-semaine\/wp-json\/wp\/v2\/types\/post"}],"author":[{"embeddable":true,"href":"https:\/\/metacartes.cc\/une-carte-par-semaine\/wp-json\/wp\/v2\/users\/1"}],"replies":[{"embeddable":true,"href":"https:\/\/metacartes.cc\/une-carte-par-semaine\/wp-json\/wp\/v2\/comments?post=55"}],"version-history":[{"count":2,"href":"https:\/\/metacartes.cc\/une-carte-par-semaine\/wp-json\/wp\/v2\/posts\/55\/revisions"}],"predecessor-version":[{"id":58,"href":"https:\/\/metacartes.cc\/une-carte-par-semaine\/wp-json\/wp\/v2\/posts\/55\/revisions\/58"}],"wp:attachment":[{"href":"https:\/\/metacartes.cc\/une-carte-par-semaine\/wp-json\/wp\/v2\/media?parent=55"}],"wp:term":[{"taxonomy":"category","embeddable":true,"href":"https:\/\/metacartes.cc\/une-carte-par-semaine\/wp-json\/wp\/v2\/categories?post=55"},{"taxonomy":"post_tag","embeddable":true,"href":"https:\/\/metacartes.cc\/une-carte-par-semaine\/wp-json\/wp\/v2\/tags?post=55"}],"curies":[{"name":"wp","href":"https:\/\/api.w.org\/{rel}","templated":true}]}}